{"id":138385,"date":"2024-07-02T16:30:37","date_gmt":"2024-07-02T14:30:37","guid":{"rendered":"https:\/\/www.horendgoed.nl\/non-categorizzato\/laspetto-emotivo-della-perdita-delludito-e-il-modo-in-cui-gli-apparecchi-acustici-possono-essere-daiuto\/"},"modified":"2025-07-11T23:40:18","modified_gmt":"2025-07-11T21:40:18","slug":"laspetto-emotivo-della-perdita-delludito-e-il-modo-in-cui-gli-apparecchi-acustici-possono-essere-daiuto","status":"publish","type":"post","link":"https:\/\/www.horendgoed.nl\/it\/problemi-di-udito\/laspetto-emotivo-della-perdita-delludito-e-il-modo-in-cui-gli-apparecchi-acustici-possono-essere-daiuto\/","title":{"rendered":"L&#8217;aspetto emotivo della perdita dell&#8217;udito e il modo in cui gli apparecchi acustici possono essere d&#8217;aiuto"},"content":{"rendered":"\n<p class=\"wp-block-paragraph\">La perdita dell&#8217;udito \u00e8 una sfida che vivono molte persone in tutto il mondo. Non solo influisce sulla capacit\u00e0 fisica di una persona di percepire i suoni, ma pu\u00f2 anche avere un impatto emotivo. La perdita di un senso importante come l&#8217;udito pu\u00f2 causare sentimenti di isolamento e depressione.<\/p>\n\n<h2 class=\"wp-block-heading\" id=\"het-gevoel-van-isolement-en-frustratie\">Sentirsi isolati e frustrati<\/h2>\n\n<p class=\"wp-block-paragraph\">Per le persone affette da perdita dell&#8217;udito pu\u00f2 essere difficile lavorare in situazioni sociali. Le conversazioni diventano vaghe e poco chiare, rendendo difficile la comprensione degli altri. Questo pu\u00f2 portare a sentimenti di isolamento e frustrazione. \u00c8 come partecipare costantemente a una festa in cui ti perdi met\u00e0 delle cose che vengono dette. Questo pu\u00f2 avere un impatto notevole sulla fiducia in se stessi e sul benessere generale di una persona.<\/p>\n\n<h2 class=\"wp-block-heading\" id=\"de-negatieve-emoties-be&#xEF;nvloeden-relaties\">Le emozioni negative influenzano le relazioni<\/h2>\n\n<p class=\"wp-block-paragraph\">L&#8217;aspetto emotivo della perdita dell&#8217;udito si estende anche alle relazioni tra le persone. La comunicazione \u00e8 una parte essenziale di qualsiasi legame tra individui. La perdita dell&#8217;udito pu\u00f2 essere un ostacolo per una comunicazione efficace. I partner, i familiari e gli amici possono sentirsi frustrati dal dover ripetere o ripetersi continuamente. Questo pu\u00f2 creare emozioni negative e mettere a dura prova le relazioni.<\/p>\n\n<h2 class=\"wp-block-heading\" id=\"hoortoestellen-als-oplossing\">Gli apparecchi acustici come soluzione<\/h2>\n\n<p class=\"wp-block-paragraph\">Fortunatamente esistono degli apparecchi acustici che possono aiutare a ridurre gli effetti negativi della perdita dell&#8217;udito. Queste <a href=\"https:\/\/www.horendgoed.nl\/it\/prodotti\/signia-silk-chargego-apparecchi-acustici-invisibili\/\" data-type=\"post\" data-id=\"61483\">meraviglie<\/a> tecnologiche sono progettate per amplificare i suoni e fornire chiarezza, consentendo alle persone con perdita dell&#8217;udito di partecipare di nuovo attivamente alle conversazioni e alle situazioni sociali. <\/p>\n\n<p class=\"wp-block-paragraph\">Con gli apparecchi acustici, le persone possono godersi il suono delle risate dei bambini, il fruscio delle foglie al vento e le conversazioni con i propri cari. Non solo ripristinano la capacit\u00e0 uditiva di una persona, ma anche il suo benessere emotivo.<\/p>\n\n<h2 class=\"wp-block-heading\" id=\"het-belang-van-professioneel-advies\">L&#8217;importanza della consulenza professionale<\/h2>\n\n<p class=\"wp-block-paragraph\">Se pensi che tu o qualcuno che conosci possa trarre beneficio dagli apparecchi acustici, \u00e8 fondamentale rivolgersi a un professionista. Un <a href=\"https:\/\/www.horendgoed.nl\/it\/chi-siamo\/il-nostro-staff\/\" data-type=\"page\" data-id=\"153\">audioprotesista<\/a> pu\u00f2 eseguire un <a href=\"https:\/\/www.horendgoed.nl\/it\/test-delludito\/come-funziona-un-test-delludito\/\" data-type=\"page\" data-id=\"126\">test completo dell &#8216;udito<\/a> e consigliare gli apparecchi acustici giusti in base alle esigenze e alle preferenze individuali. <\/p>\n\n<p class=\"wp-block-paragraph\">Non continuare a lottare con la perdita dell&#8217;udito e il suo impatto emotivo. Gli apparecchi acustici possono essere la chiave per ritrovare la fiducia in te stesso, migliorare le relazioni e goderti appieno la vita.<\/p>\n","protected":false},"excerpt":{"rendered":"<p>La perdita dell&#8217;udito \u00e8 una sfida che vivono molte persone in tutto il mondo. Non solo influisce sulla capacit\u00e0 fisica di una persona di percepire i suoni, ma pu\u00f2 anche avere un impatto emotivo. La perdita di un senso importante come l&#8217;udito pu\u00f2 causare sentimenti di isolamento e depressione.<\/p>\n","protected":false},"author":2,"featured_media":247531,"comment_status":"closed","ping_status":"open","sticky":false,"template":"","format":"standard","meta":{"_acf_changed":false,"_jetpack_newsletter_access":"","_jetpack_dont_email_post_to_subs":false,"_jetpack_newsletter_tier_id":0,"_jetpack_memberships_contains_paywalled_content":false,"_jetpack_feature_clip_id":0,"_jetpack_memberships_contains_paid_content":false,"footnotes":"","jetpack_post_was_ever_published":false},"categories":[7809],"tags":[12078,12228],"class_list":["post-138385","post","type-post","status-publish","format-standard","has-post-thumbnail","hentry","category-problemi-di-udito","tag-apparecchi-acustici","tag-perdita-delludito","grid-sizer","latest_post"],"acf":[],"featured_image_src":"https:\/\/www.horendgoed.nl\/wp-content\/uploads\/2024\/07\/Het-emotionele-aspect-van-gehoorverlies-en-hoe-hoortoestellen-kunnen-helpen.jpg","author_info":{"display_name":"Super Audicien Sandra","author_link":"https:\/\/www.horendgoed.nl\/it\/author\/sandra\/"},"yoast_head":"<!-- This site is optimized with the Yoast SEO Premium plugin v27.4 (Yoast SEO v28.3) - https:\/\/yoast.com\/product\/yoast-seo-premium-wordpress\/ -->\n<title>L&#039;aspetto emotivo della perdita dell&#039;udito e il modo in cui gli apparecchi acustici possono essere d&#039;aiuto | Horend Goed Audiciens<\/title>\n<meta name=\"description\" content=\"La perdita di un senso importante come l&#039;udito pu\u00f2 causare sentimenti di isolamento e depressione.\" \/>\n<meta name=\"robots\" content=\"index, follow, max-snippet:-1, max-image-preview:large, max-video-preview:-1\" \/>\n<link rel=\"canonical\" href=\"https:\/\/www.horendgoed.nl\/it\/problemi-di-udito\/laspetto-emotivo-della-perdita-delludito-e-il-modo-in-cui-gli-apparecchi-acustici-possono-essere-daiuto\/\" \/>\n<meta property=\"og:locale\" content=\"it_IT\" \/>\n<meta property=\"og:type\" content=\"article\" \/>\n<meta property=\"og:title\" content=\"L&#039;aspetto emotivo della perdita dell&#039;udito e il modo in cui gli apparecchi acustici possono essere d&#039;aiuto\" \/>\n<meta property=\"og:description\" content=\"La perdita di un senso importante come l&#039;udito pu\u00f2 causare sentimenti di isolamento e depressione.\" \/>\n<meta property=\"og:url\" content=\"https:\/\/www.horendgoed.nl\/it\/problemi-di-udito\/laspetto-emotivo-della-perdita-delludito-e-il-modo-in-cui-gli-apparecchi-acustici-possono-essere-daiuto\/\" \/>\n<meta property=\"og:site_name\" content=\"Horend Goed Audiciens\" \/>\n<meta property=\"article:publisher\" content=\"https:\/\/www.facebook.com\/horendgoed\" \/>\n<meta property=\"article:published_time\" content=\"2024-07-02T14:30:37+00:00\" \/>\n<meta property=\"article:modified_time\" content=\"2025-07-11T21:40:18+00:00\" \/>\n<meta property=\"og:image\" content=\"https:\/\/www.horendgoed.nl\/wp-content\/uploads\/2024\/07\/Het-emotionele-aspect-van-gehoorverlies-en-hoe-hoortoestellen-kunnen-helpen.jpg\" \/>\n\t<meta property=\"og:image:width\" content=\"1920\" \/>\n\t<meta property=\"og:image:height\" content=\"1080\" \/>\n\t<meta property=\"og:image:type\" content=\"image\/jpeg\" \/>\n<meta name=\"author\" content=\"Super Audicien Sandra\" \/>\n<script type=\"application\/ld+json\" class=\"yoast-schema-graph\">{\"@context\":\"https:\\\/\\\/schema.org\",\"@graph\":[{\"@type\":\"Article\",\"@id\":\"https:\\\/\\\/www.horendgoed.nl\\\/it\\\/problemi-di-udito\\\/laspetto-emotivo-della-perdita-delludito-e-il-modo-in-cui-gli-apparecchi-acustici-possono-essere-daiuto\\\/#article\",\"isPartOf\":{\"@id\":\"https:\\\/\\\/www.horendgoed.nl\\\/it\\\/problemi-di-udito\\\/laspetto-emotivo-della-perdita-delludito-e-il-modo-in-cui-gli-apparecchi-acustici-possono-essere-daiuto\\\/\"},\"author\":{\"name\":\"Super Audicien Sandra\",\"@id\":\"https:\\\/\\\/www.horendgoed.nl\\\/it\\\/#\\\/schema\\\/person\\\/f62b022404f306139ee407bb35077828\"},\"headline\":\"L&#8217;aspetto emotivo della perdita dell&#8217;udito e il modo in cui gli apparecchi acustici possono essere d&#8217;aiuto\",\"datePublished\":\"2024-07-02T14:30:37+00:00\",\"dateModified\":\"2025-07-11T21:40:18+00:00\",\"mainEntityOfPage\":{\"@id\":\"https:\\\/\\\/www.horendgoed.nl\\\/it\\\/problemi-di-udito\\\/laspetto-emotivo-della-perdita-delludito-e-il-modo-in-cui-gli-apparecchi-acustici-possono-essere-daiuto\\\/\"},\"wordCount\":392,\"publisher\":{\"@id\":\"https:\\\/\\\/www.horendgoed.nl\\\/it\\\/#organization\"},\"image\":{\"@id\":\"https:\\\/\\\/www.horendgoed.nl\\\/it\\\/problemi-di-udito\\\/laspetto-emotivo-della-perdita-delludito-e-il-modo-in-cui-gli-apparecchi-acustici-possono-essere-daiuto\\\/#primaryimage\"},\"thumbnailUrl\":\"https:\\\/\\\/www.horendgoed.nl\\\/wp-content\\\/uploads\\\/2024\\\/07\\\/Het-emotionele-aspect-van-gehoorverlies-en-hoe-hoortoestellen-kunnen-helpen.jpg\",\"keywords\":[\"apparecchi acustici\",\"perdita dell'udito\"],\"articleSection\":[\"Problemi di udito\"],\"inLanguage\":\"it-IT\"},{\"@type\":\"WebPage\",\"@id\":\"https:\\\/\\\/www.horendgoed.nl\\\/it\\\/problemi-di-udito\\\/laspetto-emotivo-della-perdita-delludito-e-il-modo-in-cui-gli-apparecchi-acustici-possono-essere-daiuto\\\/\",\"url\":\"https:\\\/\\\/www.horendgoed.nl\\\/it\\\/problemi-di-udito\\\/laspetto-emotivo-della-perdita-delludito-e-il-modo-in-cui-gli-apparecchi-acustici-possono-essere-daiuto\\\/\",\"name\":\"L'aspetto emotivo della perdita dell'udito e il modo in cui gli apparecchi acustici possono essere d'aiuto | Horend Goed Audiciens\",\"isPartOf\":{\"@id\":\"https:\\\/\\\/www.horendgoed.nl\\\/it\\\/#website\"},\"primaryImageOfPage\":{\"@id\":\"https:\\\/\\\/www.horendgoed.nl\\\/it\\\/problemi-di-udito\\\/laspetto-emotivo-della-perdita-delludito-e-il-modo-in-cui-gli-apparecchi-acustici-possono-essere-daiuto\\\/#primaryimage\"},\"image\":{\"@id\":\"https:\\\/\\\/www.horendgoed.nl\\\/it\\\/problemi-di-udito\\\/laspetto-emotivo-della-perdita-delludito-e-il-modo-in-cui-gli-apparecchi-acustici-possono-essere-daiuto\\\/#primaryimage\"},\"thumbnailUrl\":\"https:\\\/\\\/www.horendgoed.nl\\\/wp-content\\\/uploads\\\/2024\\\/07\\\/Het-emotionele-aspect-van-gehoorverlies-en-hoe-hoortoestellen-kunnen-helpen.jpg\",\"datePublished\":\"2024-07-02T14:30:37+00:00\",\"dateModified\":\"2025-07-11T21:40:18+00:00\",\"description\":\"La perdita di un senso importante come l'udito pu\u00f2 causare sentimenti di isolamento e depressione.\",\"breadcrumb\":{\"@id\":\"https:\\\/\\\/www.horendgoed.nl\\\/it\\\/problemi-di-udito\\\/laspetto-emotivo-della-perdita-delludito-e-il-modo-in-cui-gli-apparecchi-acustici-possono-essere-daiuto\\\/#breadcrumb\"},\"inLanguage\":\"it-IT\",\"potentialAction\":[{\"@type\":\"ReadAction\",\"target\":[\"https:\\\/\\\/www.horendgoed.nl\\\/it\\\/problemi-di-udito\\\/laspetto-emotivo-della-perdita-delludito-e-il-modo-in-cui-gli-apparecchi-acustici-possono-essere-daiuto\\\/\"]}]},{\"@type\":\"ImageObject\",\"inLanguage\":\"it-IT\",\"@id\":\"https:\\\/\\\/www.horendgoed.nl\\\/it\\\/problemi-di-udito\\\/laspetto-emotivo-della-perdita-delludito-e-il-modo-in-cui-gli-apparecchi-acustici-possono-essere-daiuto\\\/#primaryimage\",\"url\":\"https:\\\/\\\/www.horendgoed.nl\\\/wp-content\\\/uploads\\\/2024\\\/07\\\/Het-emotionele-aspect-van-gehoorverlies-en-hoe-hoortoestellen-kunnen-helpen.jpg\",\"contentUrl\":\"https:\\\/\\\/www.horendgoed.nl\\\/wp-content\\\/uploads\\\/2024\\\/07\\\/Het-emotionele-aspect-van-gehoorverlies-en-hoe-hoortoestellen-kunnen-helpen.jpg\",\"width\":1920,\"height\":1080,\"caption\":\"Het emotionele aspect van gehoorverlies en hoe hoortoestellen kunnen helpen\"},{\"@type\":\"BreadcrumbList\",\"@id\":\"https:\\\/\\\/www.horendgoed.nl\\\/it\\\/problemi-di-udito\\\/laspetto-emotivo-della-perdita-delludito-e-il-modo-in-cui-gli-apparecchi-acustici-possono-essere-daiuto\\\/#breadcrumb\",\"itemListElement\":[{\"@type\":\"ListItem\",\"position\":1,\"name\":\"Casa\",\"item\":\"https:\\\/\\\/www.horendgoed.nl\\\/it\\\/\"},{\"@type\":\"ListItem\",\"position\":2,\"name\":\"L&#8217;aspetto emotivo della perdita dell&#8217;udito e il modo in cui gli apparecchi acustici possono essere d&#8217;aiuto\"}]},{\"@type\":\"WebSite\",\"@id\":\"https:\\\/\\\/www.horendgoed.nl\\\/it\\\/#website\",\"url\":\"https:\\\/\\\/www.horendgoed.nl\\\/it\\\/\",\"name\":\"Horend Goed Audiciens\",\"description\":\"Luistert Beter\",\"publisher\":{\"@id\":\"https:\\\/\\\/www.horendgoed.nl\\\/it\\\/#organization\"},\"potentialAction\":[{\"@type\":\"SearchAction\",\"target\":{\"@type\":\"EntryPoint\",\"urlTemplate\":\"https:\\\/\\\/www.horendgoed.nl\\\/it\\\/?s={search_term_string}\"},\"query-input\":{\"@type\":\"PropertyValueSpecification\",\"valueRequired\":true,\"valueName\":\"search_term_string\"}}],\"inLanguage\":\"it-IT\"},{\"@type\":\"Organization\",\"@id\":\"https:\\\/\\\/www.horendgoed.nl\\\/it\\\/#organization\",\"name\":\"Horend Goed\",\"url\":\"https:\\\/\\\/www.horendgoed.nl\\\/it\\\/\",\"logo\":{\"@type\":\"ImageObject\",\"inLanguage\":\"it-IT\",\"@id\":\"https:\\\/\\\/www.horendgoed.nl\\\/it\\\/#\\\/schema\\\/logo\\\/image\\\/\",\"url\":\"https:\\\/\\\/www.horendgoed.nl\\\/wp-content\\\/uploads\\\/2021\\\/05\\\/Logo-groot-e1621862526979.png\",\"contentUrl\":\"https:\\\/\\\/www.horendgoed.nl\\\/wp-content\\\/uploads\\\/2021\\\/05\\\/Logo-groot-e1621862526979.png\",\"width\":509,\"height\":100,\"caption\":\"Horend Goed\"},\"image\":{\"@id\":\"https:\\\/\\\/www.horendgoed.nl\\\/it\\\/#\\\/schema\\\/logo\\\/image\\\/\"},\"sameAs\":[\"https:\\\/\\\/www.facebook.com\\\/horendgoed\",\"https:\\\/\\\/www.instagram.com\\\/horendgoed\\\/\",\"https:\\\/\\\/www.linkedin.com\\\/company\\\/horend-goed\\\/\",\"https:\\\/\\\/www.youtube.com\\\/@horendgoed\"],\"email\":\"info@horendgoed.nl\",\"telephone\":\"075 20 25 203\",\"vatID\":\"NL 853 756 193 B01\"},{\"@type\":\"Person\",\"@id\":\"https:\\\/\\\/www.horendgoed.nl\\\/it\\\/#\\\/schema\\\/person\\\/f62b022404f306139ee407bb35077828\",\"name\":\"Super Audicien Sandra\",\"image\":{\"@type\":\"ImageObject\",\"inLanguage\":\"it-IT\",\"@id\":\"https:\\\/\\\/secure.gravatar.com\\\/avatar\\\/1e5ccb70af2724763d7180c15e0a95058f1b5ff757910842a1782537139d9d91?s=96&d=mm&r=g\",\"url\":\"https:\\\/\\\/secure.gravatar.com\\\/avatar\\\/1e5ccb70af2724763d7180c15e0a95058f1b5ff757910842a1782537139d9d91?s=96&d=mm&r=g\",\"contentUrl\":\"https:\\\/\\\/secure.gravatar.com\\\/avatar\\\/1e5ccb70af2724763d7180c15e0a95058f1b5ff757910842a1782537139d9d91?s=96&d=mm&r=g\",\"caption\":\"Super Audicien Sandra\"},\"url\":\"https:\\\/\\\/www.horendgoed.nl\\\/it\\\/author\\\/sandra\\\/\"}]}<\/script>\n<!-- \/ Yoast SEO Premium plugin. -->","yoast_head_json":{"title":"L'aspetto emotivo della perdita dell'udito e il modo in cui gli apparecchi acustici possono essere d'aiuto | Horend Goed Audiciens","description":"La perdita di un senso importante come l'udito pu\u00f2 causare sentimenti di isolamento e depressione.","robots":{"index":"index","follow":"follow","max-snippet":"max-snippet:-1","max-image-preview":"max-image-preview:large","max-video-preview":"max-video-preview:-1"},"canonical":"https:\/\/www.horendgoed.nl\/it\/problemi-di-udito\/laspetto-emotivo-della-perdita-delludito-e-il-modo-in-cui-gli-apparecchi-acustici-possono-essere-daiuto\/","og_locale":"it_IT","og_type":"article","og_title":"L'aspetto emotivo della perdita dell'udito e il modo in cui gli apparecchi acustici possono essere d'aiuto","og_description":"La perdita di un senso importante come l'udito pu\u00f2 causare sentimenti di isolamento e depressione.","og_url":"https:\/\/www.horendgoed.nl\/it\/problemi-di-udito\/laspetto-emotivo-della-perdita-delludito-e-il-modo-in-cui-gli-apparecchi-acustici-possono-essere-daiuto\/","og_site_name":"Horend Goed Audiciens","article_publisher":"https:\/\/www.facebook.com\/horendgoed","article_published_time":"2024-07-02T14:30:37+00:00","article_modified_time":"2025-07-11T21:40:18+00:00","og_image":[{"width":1920,"height":1080,"url":"https:\/\/www.horendgoed.nl\/wp-content\/uploads\/2024\/07\/Het-emotionele-aspect-van-gehoorverlies-en-hoe-hoortoestellen-kunnen-helpen.jpg","type":"image\/jpeg"}],"author":"Super Audicien Sandra","schema":{"@context":"https:\/\/schema.org","@graph":[{"@type":"Article","@id":"https:\/\/www.horendgoed.nl\/it\/problemi-di-udito\/laspetto-emotivo-della-perdita-delludito-e-il-modo-in-cui-gli-apparecchi-acustici-possono-essere-daiuto\/#article","isPartOf":{"@id":"https:\/\/www.horendgoed.nl\/it\/problemi-di-udito\/laspetto-emotivo-della-perdita-delludito-e-il-modo-in-cui-gli-apparecchi-acustici-possono-essere-daiuto\/"},"author":{"name":"Super Audicien Sandra","@id":"https:\/\/www.horendgoed.nl\/it\/#\/schema\/person\/f62b022404f306139ee407bb35077828"},"headline":"L&#8217;aspetto emotivo della perdita dell&#8217;udito e il modo in cui gli apparecchi acustici possono essere d&#8217;aiuto","datePublished":"2024-07-02T14:30:37+00:00","dateModified":"2025-07-11T21:40:18+00:00","mainEntityOfPage":{"@id":"https:\/\/www.horendgoed.nl\/it\/problemi-di-udito\/laspetto-emotivo-della-perdita-delludito-e-il-modo-in-cui-gli-apparecchi-acustici-possono-essere-daiuto\/"},"wordCount":392,"publisher":{"@id":"https:\/\/www.horendgoed.nl\/it\/#organization"},"image":{"@id":"https:\/\/www.horendgoed.nl\/it\/problemi-di-udito\/laspetto-emotivo-della-perdita-delludito-e-il-modo-in-cui-gli-apparecchi-acustici-possono-essere-daiuto\/#primaryimage"},"thumbnailUrl":"https:\/\/www.horendgoed.nl\/wp-content\/uploads\/2024\/07\/Het-emotionele-aspect-van-gehoorverlies-en-hoe-hoortoestellen-kunnen-helpen.jpg","keywords":["apparecchi acustici","perdita dell'udito"],"articleSection":["Problemi di udito"],"inLanguage":"it-IT"},{"@type":"WebPage","@id":"https:\/\/www.horendgoed.nl\/it\/problemi-di-udito\/laspetto-emotivo-della-perdita-delludito-e-il-modo-in-cui-gli-apparecchi-acustici-possono-essere-daiuto\/","url":"https:\/\/www.horendgoed.nl\/it\/problemi-di-udito\/laspetto-emotivo-della-perdita-delludito-e-il-modo-in-cui-gli-apparecchi-acustici-possono-essere-daiuto\/","name":"L'aspetto emotivo della perdita dell'udito e il modo in cui gli apparecchi acustici possono essere d'aiuto | Horend Goed Audiciens","isPartOf":{"@id":"https:\/\/www.horendgoed.nl\/it\/#website"},"primaryImageOfPage":{"@id":"https:\/\/www.horendgoed.nl\/it\/problemi-di-udito\/laspetto-emotivo-della-perdita-delludito-e-il-modo-in-cui-gli-apparecchi-acustici-possono-essere-daiuto\/#primaryimage"},"image":{"@id":"https:\/\/www.horendgoed.nl\/it\/problemi-di-udito\/laspetto-emotivo-della-perdita-delludito-e-il-modo-in-cui-gli-apparecchi-acustici-possono-essere-daiuto\/#primaryimage"},"thumbnailUrl":"https:\/\/www.horendgoed.nl\/wp-content\/uploads\/2024\/07\/Het-emotionele-aspect-van-gehoorverlies-en-hoe-hoortoestellen-kunnen-helpen.jpg","datePublished":"2024-07-02T14:30:37+00:00","dateModified":"2025-07-11T21:40:18+00:00","description":"La perdita di un senso importante come l'udito pu\u00f2 causare sentimenti di isolamento e depressione.","breadcrumb":{"@id":"https:\/\/www.horendgoed.nl\/it\/problemi-di-udito\/laspetto-emotivo-della-perdita-delludito-e-il-modo-in-cui-gli-apparecchi-acustici-possono-essere-daiuto\/#breadcrumb"},"inLanguage":"it-IT","potentialAction":[{"@type":"ReadAction","target":["https:\/\/www.horendgoed.nl\/it\/problemi-di-udito\/laspetto-emotivo-della-perdita-delludito-e-il-modo-in-cui-gli-apparecchi-acustici-possono-essere-daiuto\/"]}]},{"@type":"ImageObject","inLanguage":"it-IT","@id":"https:\/\/www.horendgoed.nl\/it\/problemi-di-udito\/laspetto-emotivo-della-perdita-delludito-e-il-modo-in-cui-gli-apparecchi-acustici-possono-essere-daiuto\/#primaryimage","url":"https:\/\/www.horendgoed.nl\/wp-content\/uploads\/2024\/07\/Het-emotionele-aspect-van-gehoorverlies-en-hoe-hoortoestellen-kunnen-helpen.jpg","contentUrl":"https:\/\/www.horendgoed.nl\/wp-content\/uploads\/2024\/07\/Het-emotionele-aspect-van-gehoorverlies-en-hoe-hoortoestellen-kunnen-helpen.jpg","width":1920,"height":1080,"caption":"Het emotionele aspect van gehoorverlies en hoe hoortoestellen kunnen helpen"},{"@type":"BreadcrumbList","@id":"https:\/\/www.horendgoed.nl\/it\/problemi-di-udito\/laspetto-emotivo-della-perdita-delludito-e-il-modo-in-cui-gli-apparecchi-acustici-possono-essere-daiuto\/#breadcrumb","itemListElement":[{"@type":"ListItem","position":1,"name":"Casa","item":"https:\/\/www.horendgoed.nl\/it\/"},{"@type":"ListItem","position":2,"name":"L&#8217;aspetto emotivo della perdita dell&#8217;udito e il modo in cui gli apparecchi acustici possono essere d&#8217;aiuto"}]},{"@type":"WebSite","@id":"https:\/\/www.horendgoed.nl\/it\/#website","url":"https:\/\/www.horendgoed.nl\/it\/","name":"Horend Goed Audiciens","description":"Luistert Beter","publisher":{"@id":"https:\/\/www.horendgoed.nl\/it\/#organization"},"potentialAction":[{"@type":"SearchAction","target":{"@type":"EntryPoint","urlTemplate":"https:\/\/www.horendgoed.nl\/it\/?s={search_term_string}"},"query-input":{"@type":"PropertyValueSpecification","valueRequired":true,"valueName":"search_term_string"}}],"inLanguage":"it-IT"},{"@type":"Organization","@id":"https:\/\/www.horendgoed.nl\/it\/#organization","name":"Horend Goed","url":"https:\/\/www.horendgoed.nl\/it\/","logo":{"@type":"ImageObject","inLanguage":"it-IT","@id":"https:\/\/www.horendgoed.nl\/it\/#\/schema\/logo\/image\/","url":"https:\/\/www.horendgoed.nl\/wp-content\/uploads\/2021\/05\/Logo-groot-e1621862526979.png","contentUrl":"https:\/\/www.horendgoed.nl\/wp-content\/uploads\/2021\/05\/Logo-groot-e1621862526979.png","width":509,"height":100,"caption":"Horend Goed"},"image":{"@id":"https:\/\/www.horendgoed.nl\/it\/#\/schema\/logo\/image\/"},"sameAs":["https:\/\/www.facebook.com\/horendgoed","https:\/\/www.instagram.com\/horendgoed\/","https:\/\/www.linkedin.com\/company\/horend-goed\/","https:\/\/www.youtube.com\/@horendgoed"],"email":"info@horendgoed.nl","telephone":"075 20 25 203","vatID":"NL 853 756 193 B01"},{"@type":"Person","@id":"https:\/\/www.horendgoed.nl\/it\/#\/schema\/person\/f62b022404f306139ee407bb35077828","name":"Super Audicien Sandra","image":{"@type":"ImageObject","inLanguage":"it-IT","@id":"https:\/\/secure.gravatar.com\/avatar\/1e5ccb70af2724763d7180c15e0a95058f1b5ff757910842a1782537139d9d91?s=96&d=mm&r=g","url":"https:\/\/secure.gravatar.com\/avatar\/1e5ccb70af2724763d7180c15e0a95058f1b5ff757910842a1782537139d9d91?s=96&d=mm&r=g","contentUrl":"https:\/\/secure.gravatar.com\/avatar\/1e5ccb70af2724763d7180c15e0a95058f1b5ff757910842a1782537139d9d91?s=96&d=mm&r=g","caption":"Super Audicien Sandra"},"url":"https:\/\/www.horendgoed.nl\/it\/author\/sandra\/"}]}},"jetpack_sharing_enabled":true,"jetpack_featured_media_url":"https:\/\/www.horendgoed.nl\/wp-content\/uploads\/2024\/07\/Het-emotionele-aspect-van-gehoorverlies-en-hoe-hoortoestellen-kunnen-helpen.jpg","_links":{"self":[{"href":"https:\/\/www.horendgoed.nl\/it\/wp-json\/wp\/v2\/posts\/138385","targetHints":{"allow":["GET"]}}],"collection":[{"href":"https:\/\/www.horendgoed.nl\/it\/wp-json\/wp\/v2\/posts"}],"about":[{"href":"https:\/\/www.horendgoed.nl\/it\/wp-json\/wp\/v2\/types\/post"}],"author":[{"embeddable":true,"href":"https:\/\/www.horendgoed.nl\/it\/wp-json\/wp\/v2\/users\/2"}],"replies":[{"embeddable":true,"href":"https:\/\/www.horendgoed.nl\/it\/wp-json\/wp\/v2\/comments?post=138385"}],"version-history":[{"count":4,"href":"https:\/\/www.horendgoed.nl\/it\/wp-json\/wp\/v2\/posts\/138385\/revisions"}],"predecessor-version":[{"id":247539,"href":"https:\/\/www.horendgoed.nl\/it\/wp-json\/wp\/v2\/posts\/138385\/revisions\/247539"}],"wp:featuredmedia":[{"embeddable":true,"href":"https:\/\/www.horendgoed.nl\/it\/wp-json\/wp\/v2\/media\/247531"}],"wp:attachment":[{"href":"https:\/\/www.horendgoed.nl\/it\/wp-json\/wp\/v2\/media?parent=138385"}],"wp:term":[{"taxonomy":"category","embeddable":true,"href":"https:\/\/www.horendgoed.nl\/it\/wp-json\/wp\/v2\/categories?post=138385"},{"taxonomy":"post_tag","embeddable":true,"href":"https:\/\/www.horendgoed.nl\/it\/wp-json\/wp\/v2\/tags?post=138385"}],"curies":[{"name":"wp","href":"https:\/\/api.w.org\/{rel}","templated":true}]}}