{"id":200448,"date":"2025-01-06T09:00:00","date_gmt":"2025-01-06T08:00:00","guid":{"rendered":"https:\/\/www.horendgoed.nl\/sem-categoria\/fumar-faz-te-surdo\/"},"modified":"2025-07-07T17:18:03","modified_gmt":"2025-07-07T15:18:03","slug":"fumar-faz-te-surdo","status":"publish","type":"post","link":"https:\/\/www.horendgoed.nl\/pt-pt\/noticias-e-antecedentes\/fumar-faz-te-surdo\/","title":{"rendered":"Fumar faz-te surdo!"},"content":{"rendered":"\n<p class=\"wp-block-paragraph\">\u00c9 do conhecimento geral que fumar \u00e9 prejudicial para a tua sa\u00fade. Pensa no cancro do pulm\u00e3o, nas doen\u00e7as cardiovasculares e no aumento do risco de AVC. Mas sabias que tamb\u00e9m pode ter um impacto negativo na tua audi\u00e7\u00e3o? Neste blogue, discutimos a forma como o tabaco pode contribuir para a <a data-type=\"page\" data-id=\"102\" href=\"https:\/\/www.horendgoed.nl\/pt-pt\/audicao\/perda-de-audicao\/\" target=\"_blank\" rel=\"noreferrer noopener\">perda de audi\u00e7\u00e3o<\/a>, os mecanismos envolvidos e como a podes prevenir.   <\/p>\n\n<h2 class=\"wp-block-heading\" id=\"h-hoe-beinvloedt-roken-je-gehoor\">Como \u00e9 que fumar afecta a tua audi\u00e7\u00e3o?<\/h2>\n\n<p class=\"wp-block-paragraph\">Fumar tem um impacto direto e indireto na tua audi\u00e7\u00e3o. O fumo do cigarro cont\u00e9m mais de 7.000 subst\u00e2ncias qu\u00edmicas, muitas das quais s\u00e3o t\u00f3xicas. Estas subst\u00e2ncias podem causar danos em v\u00e1rias partes do corpo, incluindo os teus ouvidos.  <\/p>\n\n<h3 class=\"wp-block-heading\" id=\"h-verminderde-bloedcirculatie\">Reduz a circula\u00e7\u00e3o sangu\u00ednea<\/h3>\n\n<p class=\"wp-block-paragraph\">A nicotina e o mon\u00f3xido de carbono, duas das subst\u00e2ncias mais nocivas do fumo do cigarro, contraem os vasos sangu\u00edneos. Isto leva \u00e0 redu\u00e7\u00e3o do fluxo sangu\u00edneo no corpo, incluindo o ouvido interno. O ouvido interno \u00e9 respons\u00e1vel pela convers\u00e3o das ondas sonoras em sinais el\u00e9ctricos que s\u00e3o interpretados pelo c\u00e9rebro. Um fluxo sangu\u00edneo deficiente pode danificar as c\u00e9lulas ciliadas da c\u00f3clea, que s\u00e3o essenciais para uma boa audi\u00e7\u00e3o.   <\/p>\n\n<h3 class=\"wp-block-heading\" id=\"h-oxidatieve-stress\">Stress oxidativo<\/h3>\n\n<p class=\"wp-block-paragraph\">Fumar provoca um aumento dos n\u00edveis de radicais livres no corpo. Estas mol\u00e9culas inst\u00e1veis podem danificar as c\u00e9lulas, incluindo as delicadas c\u00e9lulas do ouvido interno. O stress oxidativo contribui para o envelhecimento prematuro e pode acelerar a perda de audi\u00e7\u00e3o.  <\/p>\n\n<h3 class=\"wp-block-heading\" id=\"h-ontstekingen\">Inflama\u00e7\u00f5es<\/h3>\n\n<p class=\"wp-block-paragraph\">A exposi\u00e7\u00e3o prolongada ao fumo do cigarro pode levar a uma inflama\u00e7\u00e3o cr\u00f3nica no corpo. A inflama\u00e7\u00e3o pode afetar o ouvido interno, levando \u00e0 redu\u00e7\u00e3o da funcionalidade e, eventualmente, \u00e0 perda de audi\u00e7\u00e3o. <\/p>\n\n<h3 class=\"wp-block-heading\" id=\"h-indirecte-schade-door-lawaai\">Danos indirectos causados pelo ru\u00eddo<\/h3>\n\n<p class=\"wp-block-paragraph\">Os fumadores encontram-se frequentemente em ambientes ruidosos, como bares ou salas de concerto, onde a sua audi\u00e7\u00e3o \u00e9 sujeita a um esfor\u00e7o adicional. O tabagismo combinado com a exposi\u00e7\u00e3o a ru\u00eddos fortes aumenta significativamente o risco de perda de audi\u00e7\u00e3o. <\/p>\n\n<h2 class=\"wp-block-heading\" id=\"h-ondersteunend-wetenschappelijk-onderzoek\">Apoia a investiga\u00e7\u00e3o cient\u00edfica<\/h2>\n\n<p class=\"wp-block-paragraph\">V\u00e1rios estudos demonstraram a rela\u00e7\u00e3o entre o tabaco e a perda de audi\u00e7\u00e3o.<\/p>\n\n<ul class=\"wp-block-list\">\n<li><strong>British Medical Journal (BMJ):<\/strong> Um estudo revelou que os fumadores t\u00eam 70% mais probabilidades de sofrer de perda de audi\u00e7\u00e3o do que os n\u00e3o fumadores.<\/li>\n\n\n\n<li><strong>Journal of the American Medical Association (JAMA):<\/strong> A investiga\u00e7\u00e3o sugere que os fumadores passivos (pessoas que est\u00e3o frequentemente expostas ao fumo do cigarro) tamb\u00e9m correm um risco acrescido de perda de audi\u00e7\u00e3o.<\/li>\n\n\n\n<li><strong>Clinical Otolaryngology:<\/strong> Aqui verificou-se que fumar acelera a perda de audi\u00e7\u00e3o em pessoas que j\u00e1 sofrem de problemas auditivos.<\/li>\n<\/ul>\n\n<h2 class=\"wp-block-heading\" id=\"h-passief-roken-een-onderschat-gevaar\">Tabagismo passivo: um perigo subestimado<\/h2>\n\n<p class=\"wp-block-paragraph\">N\u00e3o s\u00e3o s\u00f3 os fumadores activos que est\u00e3o em risco. O tabagismo passivo, tamb\u00e9m conhecido como fumo passivo, tamb\u00e9m pode prejudicar a audi\u00e7\u00e3o. Nas crian\u00e7as, a exposi\u00e7\u00e3o ao fumo do cigarro pode levar a um aumento do risco de infec\u00e7\u00f5es do ouvido m\u00e9dio, que podem causar danos auditivos a longo prazo.  <\/p>\n\n<p class=\"wp-block-paragraph\">Nos adultos, o tabagismo passivo aumenta o risco de perda de audi\u00e7\u00e3o em cerca de 30%. Isto acontece porque as toxinas do fumo do cigarro t\u00eam os mesmos efeitos nocivos, como a redu\u00e7\u00e3o da circula\u00e7\u00e3o sangu\u00ednea e o stress oxidativo. <\/p>\n\n<h2 class=\"wp-block-heading\" id=\"h-kun-je-gehoorverlies-door-roken-voorkomen\">Podes evitar a perda de audi\u00e7\u00e3o devido ao tabaco?<\/h2>\n\n<p class=\"wp-block-paragraph\">A boa not\u00edcia \u00e9 que a perda de audi\u00e7\u00e3o causada pelo tabaco pode ser parcialmente evitada. Aqui est\u00e3o algumas dicas para protegeres a tua audi\u00e7\u00e3o: <\/p>\n\n<h3 class=\"wp-block-heading\" id=\"h-stop-met-roken\">Deixa de fumar<\/h3>\n\n<p class=\"wp-block-paragraph\">Isto pode parecer uma desculpa, mas parar \u00e9 o passo mais importante para evitar mais danos. Poucas semanas depois de parares, a circula\u00e7\u00e3o sangu\u00ednea melhora, o que tamb\u00e9m beneficia o ouvido interno. <\/p>\n\n<h3 class=\"wp-block-heading\" id=\"h-bescherm-jezelf-tegen-passief-roken\">Protege-te do tabagismo passivo<\/h3>\n\n<p class=\"wp-block-paragraph\">Evita ambientes com muito fumo, como bares com fumo ou salas de fumo. Opta por espa\u00e7os de trabalho e de conv\u00edvio sem fumo. <\/p>\n\n<h3 class=\"wp-block-heading\" id=\"h-gezonde-levensstijl\">Estilo de vida saud\u00e1vel<\/h3>\n\n<p class=\"wp-block-paragraph\">Um estilo de vida saud\u00e1vel com uma dieta equilibrada rica em antioxidantes pode reduzir o stress oxidativo. Os alimentos ricos em vitaminas C, E e \u00e1cidos gordos \u00f3mega 3 contribuem para uma boa sa\u00fade auditiva. <\/p>\n\n<h3 class=\"wp-block-heading\" id=\"h-regelmatige-gehoortesten\">Testes auditivos regulares<\/h3>\n\n<p class=\"wp-block-paragraph\">Faz exames auditivos regularmente, especialmente se fumas ou j\u00e1 fumaste. A dete\u00e7\u00e3o precoce de problemas auditivos pode evitar danos maiores. <\/p>\n\n<h2 class=\"wp-block-heading\" id=\"h-waarom-is-bewustwording-belangrijk\">Porque \u00e9 que a sensibiliza\u00e7\u00e3o \u00e9 importante?<\/h2>\n\n<p class=\"wp-block-paragraph\">Embora as campanhas se centrem frequentemente nos pulm\u00f5es e no cora\u00e7\u00e3o, \u00e9 importante chamar tamb\u00e9m a aten\u00e7\u00e3o para o impacto do tabagismo na audi\u00e7\u00e3o. A perda de audi\u00e7\u00e3o pode ter um grande impacto na tua qualidade de vida. Torna as intera\u00e7\u00f5es sociais mais dif\u00edceis, pode levar ao isolamento e at\u00e9 aumentar o risco de dem\u00eancia.  <\/p>\n\n<p class=\"wp-block-paragraph\">Ao criar uma maior sensibiliza\u00e7\u00e3o para estas consequ\u00eancias menos conhecidas do tabagismo, as pessoas podem fazer escolhas mais informadas sobre a sua sa\u00fade.<\/p>\n\n<h2 class=\"wp-block-heading\" id=\"h-roken-en-andere-risicofactoren\">Tabagismo e outros factores de risco<\/h2>\n\n<p class=\"wp-block-paragraph\">Os efeitos do tabaco na audi\u00e7\u00e3o s\u00e3o muitas vezes amplificados por outros factores, como por exemplo:<\/p>\n\n<ul class=\"wp-block-list\">\n<li><strong>Idade:<\/strong> Os adultos mais velhos j\u00e1 correm um risco acrescido de perda de audi\u00e7\u00e3o.<\/li>\n\n\n\n<li><strong>Ru\u00eddo:<\/strong> A exposi\u00e7\u00e3o regular a ru\u00eddos altos, combinada com o consumo de tabaco, pode causar uma press\u00e3o adicional na audi\u00e7\u00e3o.<\/li>\n\n\n\n<li><strong>Medica\u00e7\u00e3o:<\/strong> Alguns medicamentos, como a quimioterapia ou os antibi\u00f3ticos, podem causar les\u00f5es auditivas. Fumar pode intensificar estes efeitos. <\/li>\n<\/ul>\n\n<h2 class=\"wp-block-heading\" id=\"h-afleiding-helpt-bij-het-stoppen-met-roken\">A distra\u00e7\u00e3o ajuda-te a deixar de fumar<\/h2>\n\n<p class=\"wp-block-paragraph\">A distra\u00e7\u00e3o desempenha um papel crucial para deixar de fumar, uma vez que ajuda a quebrar a vontade de fumar. Ao manteres-te ocupado com actividades como fazer exerc\u00edcio, ler, ouvir m\u00fasica ou um audiolivro, dar um passeio ou ter um passatempo, mudas o foco da necessidade de nicotina para algo positivo. Isto reduz a probabilidade de cederes a um impulso. Al\u00e9m disso, as distrac\u00e7\u00f5es ajudam-te a lidar de forma saud\u00e1vel com o stress, um est\u00edmulo comum para fumar. Mesmo as pequenas distrac\u00e7\u00f5es, como um jogo no telem\u00f3vel, mascar pastilha el\u00e1stica ou beber um copo de \u00e1gua, podem ser suficientes para fazer diminuir a vontade e manter-te no caminho certo.    <\/p>\n\n<p class=\"wp-block-paragraph\">Produtos \u00fateis para te ajudar a deixar de fumar:<\/p>\n\n<h2 class=\"wp-block-heading\" id=\"h-conclusie\">Conclus\u00e3o<\/h2>\n\n<p class=\"wp-block-paragraph\">Fumar n\u00e3o \u00e9 apenas prejudicial para os teus pulm\u00f5es e cora\u00e7\u00e3o, mas tamb\u00e9m pode levar \u00e0 perda de audi\u00e7\u00e3o. Os efeitos diretos e indirectos do fumo do cigarro desempenham um papel importante. Felizmente, podes fazer muito para reduzir os danos, como deixar de fumar, adotar um estilo de vida saud\u00e1vel e <a href=\"https:\/\/www.horendgoed.nl\/pt-pt\/marca-uma-consulta\/\" data-type=\"page\" data-id=\"161\" target=\"_blank\" rel=\"noreferrer noopener\">fazer exames auditivos regularmente<\/a>.  <\/p>\n\n<p class=\"wp-block-paragraph\">Queres saber mais sobre prote\u00e7\u00e3o auditiva e como manter os teus ouvidos saud\u00e1veis? Consulta os nossos blogues para obteres dicas e conselhos pr\u00e1ticos. Lembra-te: vale a pena lutar pela tua sa\u00fade, incluindo a audi\u00e7\u00e3o.  <\/p>\n\n<p class=\"wp-block-paragraph\"><\/p>\n","protected":false},"excerpt":{"rendered":"<p>Sabias que fumar tamb\u00e9m pode ter um impacto negativo na tua audi\u00e7\u00e3o? L\u00ea mais neste blogue! <\/p>\n","protected":false},"author":1,"featured_media":200449,"comment_status":"closed","ping_status":"open","sticky":false,"template":"","format":"standard","meta":{"_acf_changed":false,"_jetpack_newsletter_access":"","_jetpack_dont_email_post_to_subs":false,"_jetpack_newsletter_tier_id":0,"_jetpack_memberships_contains_paywalled_content":false,"_jetpack_feature_clip_id":0,"_jetpack_memberships_contains_paid_content":false,"footnotes":"","jetpack_post_was_ever_published":false},"categories":[14719,14720],"tags":[14766,14722,14765],"class_list":["post-200448","post","type-post","status-publish","format-standard","has-post-thumbnail","hentry","category-noticias-e-antecedentes","category-problemas-de-audicao","tag-fumar-pt-pt","tag-queixas-dos-ouvidos","tag-surdez","grid-sizer","latest_post"],"acf":[],"featured_image_src":"https:\/\/www.horendgoed.nl\/wp-content\/uploads\/2024\/12\/van-roken-wordt-je-doof-horend-goed.jpg","author_info":{"display_name":"Hoorzorg Specialist Sander","author_link":"https:\/\/www.horendgoed.nl\/pt-pt\/author\/sander\/"},"yoast_head":"<!-- This site is optimized with the Yoast SEO Premium plugin v27.4 (Yoast SEO v28.3) - https:\/\/yoast.com\/product\/yoast-seo-premium-wordpress\/ -->\n<title>Fumar faz-te surdo! | Horend Goed Audiciens<\/title>\n<meta name=\"description\" content=\"Fumar n\u00e3o s\u00f3 \u00e9 prejudicial para os teus pulm\u00f5es e cora\u00e7\u00e3o, como tamb\u00e9m pode levar \u00e0 perda de audi\u00e7\u00e3o. L\u00ea mais aqui.\" \/>\n<meta name=\"robots\" content=\"index, follow, max-snippet:-1, max-image-preview:large, max-video-preview:-1\" \/>\n<link rel=\"canonical\" href=\"https:\/\/www.horendgoed.nl\/pt-pt\/noticias-e-antecedentes\/fumar-faz-te-surdo\/\" \/>\n<meta property=\"og:locale\" content=\"pt_PT\" \/>\n<meta property=\"og:type\" content=\"article\" \/>\n<meta property=\"og:title\" content=\"Fumar faz-te surdo!\" \/>\n<meta property=\"og:description\" content=\"Fumar n\u00e3o s\u00f3 \u00e9 prejudicial para os teus pulm\u00f5es e cora\u00e7\u00e3o, como tamb\u00e9m pode levar \u00e0 perda de audi\u00e7\u00e3o. L\u00ea mais aqui.\" \/>\n<meta property=\"og:url\" content=\"https:\/\/www.horendgoed.nl\/pt-pt\/noticias-e-antecedentes\/fumar-faz-te-surdo\/\" \/>\n<meta property=\"og:site_name\" content=\"Horend Goed Audiciens\" \/>\n<meta property=\"article:publisher\" content=\"https:\/\/www.facebook.com\/horendgoed\" \/>\n<meta property=\"article:published_time\" content=\"2025-01-06T08:00:00+00:00\" \/>\n<meta property=\"article:modified_time\" content=\"2025-07-07T15:18:03+00:00\" \/>\n<meta property=\"og:image\" content=\"https:\/\/www.horendgoed.nl\/wp-content\/uploads\/2024\/12\/van-roken-wordt-je-doof-horend-goed.jpg\" \/>\n\t<meta property=\"og:image:width\" content=\"1920\" \/>\n\t<meta property=\"og:image:height\" content=\"1080\" \/>\n\t<meta property=\"og:image:type\" content=\"image\/jpeg\" \/>\n<meta name=\"author\" content=\"Hoorzorg Specialist Sander\" \/>\n<script type=\"application\/ld+json\" class=\"yoast-schema-graph\">{\"@context\":\"https:\\\/\\\/schema.org\",\"@graph\":[{\"@type\":\"Article\",\"@id\":\"https:\\\/\\\/www.horendgoed.nl\\\/pt-pt\\\/noticias-e-antecedentes\\\/fumar-faz-te-surdo\\\/#article\",\"isPartOf\":{\"@id\":\"https:\\\/\\\/www.horendgoed.nl\\\/pt-pt\\\/noticias-e-antecedentes\\\/fumar-faz-te-surdo\\\/\"},\"author\":{\"name\":\"Hoorzorg Specialist Sander\",\"@id\":\"https:\\\/\\\/www.horendgoed.nl\\\/pt-pt\\\/#\\\/schema\\\/person\\\/e707f28c8d393b17898db1f2764f5f38\"},\"headline\":\"Fumar faz-te surdo!\",\"datePublished\":\"2025-01-06T08:00:00+00:00\",\"dateModified\":\"2025-07-07T15:18:03+00:00\",\"mainEntityOfPage\":{\"@id\":\"https:\\\/\\\/www.horendgoed.nl\\\/pt-pt\\\/noticias-e-antecedentes\\\/fumar-faz-te-surdo\\\/\"},\"wordCount\":1148,\"publisher\":{\"@id\":\"https:\\\/\\\/www.horendgoed.nl\\\/pt-pt\\\/#organization\"},\"image\":{\"@id\":\"https:\\\/\\\/www.horendgoed.nl\\\/pt-pt\\\/noticias-e-antecedentes\\\/fumar-faz-te-surdo\\\/#primaryimage\"},\"thumbnailUrl\":\"https:\\\/\\\/www.horendgoed.nl\\\/wp-content\\\/uploads\\\/2024\\\/12\\\/van-roken-wordt-je-doof-horend-goed.jpg\",\"keywords\":[\"Fumar\",\"queixas dos ouvidos\",\"surdez\"],\"articleSection\":[\"Not\u00edcias e antecedentes\",\"Problemas de audi\u00e7\u00e3o\"],\"inLanguage\":\"pt-PT\"},{\"@type\":\"WebPage\",\"@id\":\"https:\\\/\\\/www.horendgoed.nl\\\/pt-pt\\\/noticias-e-antecedentes\\\/fumar-faz-te-surdo\\\/\",\"url\":\"https:\\\/\\\/www.horendgoed.nl\\\/pt-pt\\\/noticias-e-antecedentes\\\/fumar-faz-te-surdo\\\/\",\"name\":\"Fumar faz-te surdo! | Horend Goed Audiciens\",\"isPartOf\":{\"@id\":\"https:\\\/\\\/www.horendgoed.nl\\\/pt-pt\\\/#website\"},\"primaryImageOfPage\":{\"@id\":\"https:\\\/\\\/www.horendgoed.nl\\\/pt-pt\\\/noticias-e-antecedentes\\\/fumar-faz-te-surdo\\\/#primaryimage\"},\"image\":{\"@id\":\"https:\\\/\\\/www.horendgoed.nl\\\/pt-pt\\\/noticias-e-antecedentes\\\/fumar-faz-te-surdo\\\/#primaryimage\"},\"thumbnailUrl\":\"https:\\\/\\\/www.horendgoed.nl\\\/wp-content\\\/uploads\\\/2024\\\/12\\\/van-roken-wordt-je-doof-horend-goed.jpg\",\"datePublished\":\"2025-01-06T08:00:00+00:00\",\"dateModified\":\"2025-07-07T15:18:03+00:00\",\"description\":\"Fumar n\u00e3o s\u00f3 \u00e9 prejudicial para os teus pulm\u00f5es e cora\u00e7\u00e3o, como tamb\u00e9m pode levar \u00e0 perda de audi\u00e7\u00e3o. L\u00ea mais aqui.\",\"breadcrumb\":{\"@id\":\"https:\\\/\\\/www.horendgoed.nl\\\/pt-pt\\\/noticias-e-antecedentes\\\/fumar-faz-te-surdo\\\/#breadcrumb\"},\"inLanguage\":\"pt-PT\",\"potentialAction\":[{\"@type\":\"ReadAction\",\"target\":[\"https:\\\/\\\/www.horendgoed.nl\\\/pt-pt\\\/noticias-e-antecedentes\\\/fumar-faz-te-surdo\\\/\"]}]},{\"@type\":\"ImageObject\",\"inLanguage\":\"pt-PT\",\"@id\":\"https:\\\/\\\/www.horendgoed.nl\\\/pt-pt\\\/noticias-e-antecedentes\\\/fumar-faz-te-surdo\\\/#primaryimage\",\"url\":\"https:\\\/\\\/www.horendgoed.nl\\\/wp-content\\\/uploads\\\/2024\\\/12\\\/van-roken-wordt-je-doof-horend-goed.jpg\",\"contentUrl\":\"https:\\\/\\\/www.horendgoed.nl\\\/wp-content\\\/uploads\\\/2024\\\/12\\\/van-roken-wordt-je-doof-horend-goed.jpg\",\"width\":1920,\"height\":1080},{\"@type\":\"BreadcrumbList\",\"@id\":\"https:\\\/\\\/www.horendgoed.nl\\\/pt-pt\\\/noticias-e-antecedentes\\\/fumar-faz-te-surdo\\\/#breadcrumb\",\"itemListElement\":[{\"@type\":\"ListItem\",\"position\":1,\"name\":\"Casa\",\"item\":\"https:\\\/\\\/www.horendgoed.nl\\\/pt-pt\\\/\"},{\"@type\":\"ListItem\",\"position\":2,\"name\":\"Fumar faz-te surdo!\"}]},{\"@type\":\"WebSite\",\"@id\":\"https:\\\/\\\/www.horendgoed.nl\\\/pt-pt\\\/#website\",\"url\":\"https:\\\/\\\/www.horendgoed.nl\\\/pt-pt\\\/\",\"name\":\"Horend Goed Audiciens\",\"description\":\"Luistert Beter\",\"publisher\":{\"@id\":\"https:\\\/\\\/www.horendgoed.nl\\\/pt-pt\\\/#organization\"},\"potentialAction\":[{\"@type\":\"SearchAction\",\"target\":{\"@type\":\"EntryPoint\",\"urlTemplate\":\"https:\\\/\\\/www.horendgoed.nl\\\/pt-pt\\\/?s={search_term_string}\"},\"query-input\":{\"@type\":\"PropertyValueSpecification\",\"valueRequired\":true,\"valueName\":\"search_term_string\"}}],\"inLanguage\":\"pt-PT\"},{\"@type\":\"Organization\",\"@id\":\"https:\\\/\\\/www.horendgoed.nl\\\/pt-pt\\\/#organization\",\"name\":\"Horend Goed\",\"url\":\"https:\\\/\\\/www.horendgoed.nl\\\/pt-pt\\\/\",\"logo\":{\"@type\":\"ImageObject\",\"inLanguage\":\"pt-PT\",\"@id\":\"https:\\\/\\\/www.horendgoed.nl\\\/pt-pt\\\/#\\\/schema\\\/logo\\\/image\\\/\",\"url\":\"https:\\\/\\\/www.horendgoed.nl\\\/wp-content\\\/uploads\\\/2021\\\/05\\\/Logo-groot-e1621862526979.png\",\"contentUrl\":\"https:\\\/\\\/www.horendgoed.nl\\\/wp-content\\\/uploads\\\/2021\\\/05\\\/Logo-groot-e1621862526979.png\",\"width\":509,\"height\":100,\"caption\":\"Horend Goed\"},\"image\":{\"@id\":\"https:\\\/\\\/www.horendgoed.nl\\\/pt-pt\\\/#\\\/schema\\\/logo\\\/image\\\/\"},\"sameAs\":[\"https:\\\/\\\/www.facebook.com\\\/horendgoed\",\"https:\\\/\\\/www.instagram.com\\\/horendgoed\\\/\",\"https:\\\/\\\/www.linkedin.com\\\/company\\\/horend-goed\\\/\",\"https:\\\/\\\/www.youtube.com\\\/@horendgoed\"],\"email\":\"info@horendgoed.nl\",\"telephone\":\"075 20 25 203\",\"vatID\":\"NL 853 756 193 B01\"},{\"@type\":\"Person\",\"@id\":\"https:\\\/\\\/www.horendgoed.nl\\\/pt-pt\\\/#\\\/schema\\\/person\\\/e707f28c8d393b17898db1f2764f5f38\",\"name\":\"Hoorzorg Specialist Sander\",\"image\":{\"@type\":\"ImageObject\",\"inLanguage\":\"pt-PT\",\"@id\":\"https:\\\/\\\/secure.gravatar.com\\\/avatar\\\/4febde18b050f080ee448b43b520aa6139eed5fb5d51a3cdfd479ebfc8f14420?s=96&d=mm&r=g\",\"url\":\"https:\\\/\\\/secure.gravatar.com\\\/avatar\\\/4febde18b050f080ee448b43b520aa6139eed5fb5d51a3cdfd479ebfc8f14420?s=96&d=mm&r=g\",\"contentUrl\":\"https:\\\/\\\/secure.gravatar.com\\\/avatar\\\/4febde18b050f080ee448b43b520aa6139eed5fb5d51a3cdfd479ebfc8f14420?s=96&d=mm&r=g\",\"caption\":\"Hoorzorg Specialist Sander\"},\"sameAs\":[\"https:\\\/\\\/www.hairtrigger.nl\"],\"url\":\"https:\\\/\\\/www.horendgoed.nl\\\/pt-pt\\\/author\\\/sander\\\/\"}]}<\/script>\n<!-- \/ Yoast SEO Premium plugin. -->","yoast_head_json":{"title":"Fumar faz-te surdo! | Horend Goed Audiciens","description":"Fumar n\u00e3o s\u00f3 \u00e9 prejudicial para os teus pulm\u00f5es e cora\u00e7\u00e3o, como tamb\u00e9m pode levar \u00e0 perda de audi\u00e7\u00e3o. L\u00ea mais aqui.","robots":{"index":"index","follow":"follow","max-snippet":"max-snippet:-1","max-image-preview":"max-image-preview:large","max-video-preview":"max-video-preview:-1"},"canonical":"https:\/\/www.horendgoed.nl\/pt-pt\/noticias-e-antecedentes\/fumar-faz-te-surdo\/","og_locale":"pt_PT","og_type":"article","og_title":"Fumar faz-te surdo!","og_description":"Fumar n\u00e3o s\u00f3 \u00e9 prejudicial para os teus pulm\u00f5es e cora\u00e7\u00e3o, como tamb\u00e9m pode levar \u00e0 perda de audi\u00e7\u00e3o. L\u00ea mais aqui.","og_url":"https:\/\/www.horendgoed.nl\/pt-pt\/noticias-e-antecedentes\/fumar-faz-te-surdo\/","og_site_name":"Horend Goed Audiciens","article_publisher":"https:\/\/www.facebook.com\/horendgoed","article_published_time":"2025-01-06T08:00:00+00:00","article_modified_time":"2025-07-07T15:18:03+00:00","og_image":[{"width":1920,"height":1080,"url":"https:\/\/www.horendgoed.nl\/wp-content\/uploads\/2024\/12\/van-roken-wordt-je-doof-horend-goed.jpg","type":"image\/jpeg"}],"author":"Hoorzorg Specialist Sander","schema":{"@context":"https:\/\/schema.org","@graph":[{"@type":"Article","@id":"https:\/\/www.horendgoed.nl\/pt-pt\/noticias-e-antecedentes\/fumar-faz-te-surdo\/#article","isPartOf":{"@id":"https:\/\/www.horendgoed.nl\/pt-pt\/noticias-e-antecedentes\/fumar-faz-te-surdo\/"},"author":{"name":"Hoorzorg Specialist Sander","@id":"https:\/\/www.horendgoed.nl\/pt-pt\/#\/schema\/person\/e707f28c8d393b17898db1f2764f5f38"},"headline":"Fumar faz-te surdo!","datePublished":"2025-01-06T08:00:00+00:00","dateModified":"2025-07-07T15:18:03+00:00","mainEntityOfPage":{"@id":"https:\/\/www.horendgoed.nl\/pt-pt\/noticias-e-antecedentes\/fumar-faz-te-surdo\/"},"wordCount":1148,"publisher":{"@id":"https:\/\/www.horendgoed.nl\/pt-pt\/#organization"},"image":{"@id":"https:\/\/www.horendgoed.nl\/pt-pt\/noticias-e-antecedentes\/fumar-faz-te-surdo\/#primaryimage"},"thumbnailUrl":"https:\/\/www.horendgoed.nl\/wp-content\/uploads\/2024\/12\/van-roken-wordt-je-doof-horend-goed.jpg","keywords":["Fumar","queixas dos ouvidos","surdez"],"articleSection":["Not\u00edcias e antecedentes","Problemas de audi\u00e7\u00e3o"],"inLanguage":"pt-PT"},{"@type":"WebPage","@id":"https:\/\/www.horendgoed.nl\/pt-pt\/noticias-e-antecedentes\/fumar-faz-te-surdo\/","url":"https:\/\/www.horendgoed.nl\/pt-pt\/noticias-e-antecedentes\/fumar-faz-te-surdo\/","name":"Fumar faz-te surdo! | Horend Goed Audiciens","isPartOf":{"@id":"https:\/\/www.horendgoed.nl\/pt-pt\/#website"},"primaryImageOfPage":{"@id":"https:\/\/www.horendgoed.nl\/pt-pt\/noticias-e-antecedentes\/fumar-faz-te-surdo\/#primaryimage"},"image":{"@id":"https:\/\/www.horendgoed.nl\/pt-pt\/noticias-e-antecedentes\/fumar-faz-te-surdo\/#primaryimage"},"thumbnailUrl":"https:\/\/www.horendgoed.nl\/wp-content\/uploads\/2024\/12\/van-roken-wordt-je-doof-horend-goed.jpg","datePublished":"2025-01-06T08:00:00+00:00","dateModified":"2025-07-07T15:18:03+00:00","description":"Fumar n\u00e3o s\u00f3 \u00e9 prejudicial para os teus pulm\u00f5es e cora\u00e7\u00e3o, como tamb\u00e9m pode levar \u00e0 perda de audi\u00e7\u00e3o. L\u00ea mais aqui.","breadcrumb":{"@id":"https:\/\/www.horendgoed.nl\/pt-pt\/noticias-e-antecedentes\/fumar-faz-te-surdo\/#breadcrumb"},"inLanguage":"pt-PT","potentialAction":[{"@type":"ReadAction","target":["https:\/\/www.horendgoed.nl\/pt-pt\/noticias-e-antecedentes\/fumar-faz-te-surdo\/"]}]},{"@type":"ImageObject","inLanguage":"pt-PT","@id":"https:\/\/www.horendgoed.nl\/pt-pt\/noticias-e-antecedentes\/fumar-faz-te-surdo\/#primaryimage","url":"https:\/\/www.horendgoed.nl\/wp-content\/uploads\/2024\/12\/van-roken-wordt-je-doof-horend-goed.jpg","contentUrl":"https:\/\/www.horendgoed.nl\/wp-content\/uploads\/2024\/12\/van-roken-wordt-je-doof-horend-goed.jpg","width":1920,"height":1080},{"@type":"BreadcrumbList","@id":"https:\/\/www.horendgoed.nl\/pt-pt\/noticias-e-antecedentes\/fumar-faz-te-surdo\/#breadcrumb","itemListElement":[{"@type":"ListItem","position":1,"name":"Casa","item":"https:\/\/www.horendgoed.nl\/pt-pt\/"},{"@type":"ListItem","position":2,"name":"Fumar faz-te surdo!"}]},{"@type":"WebSite","@id":"https:\/\/www.horendgoed.nl\/pt-pt\/#website","url":"https:\/\/www.horendgoed.nl\/pt-pt\/","name":"Horend Goed Audiciens","description":"Luistert Beter","publisher":{"@id":"https:\/\/www.horendgoed.nl\/pt-pt\/#organization"},"potentialAction":[{"@type":"SearchAction","target":{"@type":"EntryPoint","urlTemplate":"https:\/\/www.horendgoed.nl\/pt-pt\/?s={search_term_string}"},"query-input":{"@type":"PropertyValueSpecification","valueRequired":true,"valueName":"search_term_string"}}],"inLanguage":"pt-PT"},{"@type":"Organization","@id":"https:\/\/www.horendgoed.nl\/pt-pt\/#organization","name":"Horend Goed","url":"https:\/\/www.horendgoed.nl\/pt-pt\/","logo":{"@type":"ImageObject","inLanguage":"pt-PT","@id":"https:\/\/www.horendgoed.nl\/pt-pt\/#\/schema\/logo\/image\/","url":"https:\/\/www.horendgoed.nl\/wp-content\/uploads\/2021\/05\/Logo-groot-e1621862526979.png","contentUrl":"https:\/\/www.horendgoed.nl\/wp-content\/uploads\/2021\/05\/Logo-groot-e1621862526979.png","width":509,"height":100,"caption":"Horend Goed"},"image":{"@id":"https:\/\/www.horendgoed.nl\/pt-pt\/#\/schema\/logo\/image\/"},"sameAs":["https:\/\/www.facebook.com\/horendgoed","https:\/\/www.instagram.com\/horendgoed\/","https:\/\/www.linkedin.com\/company\/horend-goed\/","https:\/\/www.youtube.com\/@horendgoed"],"email":"info@horendgoed.nl","telephone":"075 20 25 203","vatID":"NL 853 756 193 B01"},{"@type":"Person","@id":"https:\/\/www.horendgoed.nl\/pt-pt\/#\/schema\/person\/e707f28c8d393b17898db1f2764f5f38","name":"Hoorzorg Specialist Sander","image":{"@type":"ImageObject","inLanguage":"pt-PT","@id":"https:\/\/secure.gravatar.com\/avatar\/4febde18b050f080ee448b43b520aa6139eed5fb5d51a3cdfd479ebfc8f14420?s=96&d=mm&r=g","url":"https:\/\/secure.gravatar.com\/avatar\/4febde18b050f080ee448b43b520aa6139eed5fb5d51a3cdfd479ebfc8f14420?s=96&d=mm&r=g","contentUrl":"https:\/\/secure.gravatar.com\/avatar\/4febde18b050f080ee448b43b520aa6139eed5fb5d51a3cdfd479ebfc8f14420?s=96&d=mm&r=g","caption":"Hoorzorg Specialist Sander"},"sameAs":["https:\/\/www.hairtrigger.nl"],"url":"https:\/\/www.horendgoed.nl\/pt-pt\/author\/sander\/"}]}},"jetpack_sharing_enabled":true,"jetpack_featured_media_url":"https:\/\/www.horendgoed.nl\/wp-content\/uploads\/2024\/12\/van-roken-wordt-je-doof-horend-goed.jpg","_links":{"self":[{"href":"https:\/\/www.horendgoed.nl\/pt-pt\/wp-json\/wp\/v2\/posts\/200448","targetHints":{"allow":["GET"]}}],"collection":[{"href":"https:\/\/www.horendgoed.nl\/pt-pt\/wp-json\/wp\/v2\/posts"}],"about":[{"href":"https:\/\/www.horendgoed.nl\/pt-pt\/wp-json\/wp\/v2\/types\/post"}],"author":[{"embeddable":true,"href":"https:\/\/www.horendgoed.nl\/pt-pt\/wp-json\/wp\/v2\/users\/1"}],"replies":[{"embeddable":true,"href":"https:\/\/www.horendgoed.nl\/pt-pt\/wp-json\/wp\/v2\/comments?post=200448"}],"version-history":[{"count":2,"href":"https:\/\/www.horendgoed.nl\/pt-pt\/wp-json\/wp\/v2\/posts\/200448\/revisions"}],"predecessor-version":[{"id":245288,"href":"https:\/\/www.horendgoed.nl\/pt-pt\/wp-json\/wp\/v2\/posts\/200448\/revisions\/245288"}],"wp:featuredmedia":[{"embeddable":true,"href":"https:\/\/www.horendgoed.nl\/pt-pt\/wp-json\/wp\/v2\/media\/200449"}],"wp:attachment":[{"href":"https:\/\/www.horendgoed.nl\/pt-pt\/wp-json\/wp\/v2\/media?parent=200448"}],"wp:term":[{"taxonomy":"category","embeddable":true,"href":"https:\/\/www.horendgoed.nl\/pt-pt\/wp-json\/wp\/v2\/categories?post=200448"},{"taxonomy":"post_tag","embeddable":true,"href":"https:\/\/www.horendgoed.nl\/pt-pt\/wp-json\/wp\/v2\/tags?post=200448"}],"curies":[{"name":"wp","href":"https:\/\/api.w.org\/{rel}","templated":true}]}}